{"id":1771,"date":"2021-05-15T17:08:27","date_gmt":"2021-05-15T15:08:27","guid":{"rendered":"http:\/\/mickiewicz.net.pl\/am\/?p=1771"},"modified":"2021-05-15T17:08:27","modified_gmt":"2021-05-15T15:08:27","slug":"politechnika-slaska-wydzial-mechaniczny-technologiczny","status":"publish","type":"post","link":"https:\/\/mickiewicz.net.pl\/am\/index.php\/2021\/05\/15\/politechnika-slaska-wydzial-mechaniczny-technologiczny\/","title":{"rendered":"Politechnika \u015al\u0105ska &#8211; Wydzia\u0142 Mechaniczny Technologiczny"},"content":{"rendered":"\n<p>Bardzo dzi\u0119kuj\u0119 za du\u017ce zainteresowanie naszymi dzia\u0142aniami popularyzuj\u0105cymi nauk\u0119 i promuj\u0105cymi kierunki studi\u00f3w. W naszych spotkaniach on-line wzi\u0119\u0142o udzia\u0142, a tak\u017ce obejrza\u0142o relacje z tych spotka\u0144, wielu Uczni\u00f3w Pa\u0144stwa szk\u00f3\u0142.<\/p>\n\n\n\n<p>W maju 2021 (12, 19 oraz 26.05) organizujemy dla szk\u00f3\u0142 \u015brednich Maj\u00f3wki z Wydzia\u0142em MT. Podczas tych spotka\u0144 prezentowane b\u0119d\u0105 dzia\u0142ania naszych student\u00f3w poza regularnym programem studi\u00f3w, w ko\u0142ach naukowych. Spotkania te ukierunkowane s\u0105 przede wszystkim na w\u0142\u0105czenie Uczni\u00f3w szk\u00f3\u0142 \u015brednich w dzia\u0142ania tych k\u00f3\u0142 naukowych. Przygotowali\u015bmy projekty, odpowiednio tematycznie dostosowane do takiej wsp\u00f3\u0142pracy oraz zasady ich wsp\u00f3lnego realizowania. Jestem przekonana, \u017ce wsp\u00f3\u0142praca taka wp\u0142ynie bardzo korzystnie, na wszystkie Osoby i jednostki, bior\u0105ce w niej udzia\u0142.<\/p>\n\n\n\n<p>Zwracam si\u0119 do Pa\u0144stwa Dyrektor\u00f3w wybranych 10 szk\u00f3\u0142 \u015brednich, z kt\u00f3rymi Wydzia\u0142 Mechaniczny Technologiczny wsp\u00f3\u0142pracuje najbli\u017cej, a tak\u017ce nasi Studenci wywodz\u0105 si\u0119 z Pa\u0144stwa szk\u00f3\u0142 z pro\u015bb\u0105 o rozpropagowanie informacji o tych spotkaniach oraz o zach\u0119cenie Pa\u0144stwa Uczni\u00f3w do wzi\u0119cia udzia\u0142u w pracach naszych k\u00f3\u0142 naukowych.<\/p>\n\n\n\n<p>Informacje o spotkaniach znajduj\u0105 si\u0119 na portalach internetowych Wydzia\u0142u MT<\/p>\n\n\n\n<figure class=\"wp-block-embed\"><div class=\"wp-block-embed__wrapper\">\nhttps:\/\/www.facebook.com\/mt.polsl\/events\/?ref=page_internal\n<\/div><\/figure>\n\n\n\n<figure class=\"wp-block-embed\"><div class=\"wp-block-embed__wrapper\">\nhttps:\/\/www.facebook.com\/mt.polsl\n<\/div><\/figure>\n\n\n\n<figure class=\"wp-block-embed\"><div class=\"wp-block-embed__wrapper\">\nhttps:\/\/www.polsl.pl\/rmt\/\n<\/div><\/figure>\n\n\n\n<p>19.05.2021 \u2013 Maj\u00f3wka dotycz\u0105ca dzia\u0142a\u0144 w zakresie budowy bolid\u00f3w i innych pojazd\u00f3w (drony, motocykle, rowery)<\/p>\n\n\n\n<p>26.05.2021 \u2013 Maj\u00f3wka dotycz\u0105ca druku 3D i budowy w\u0142asnych drukarek.<\/p>\n\n\n\n<p>Ponadto, chcia\u0142abym podkre\u015bli\u0107, \u017ce Pa\u0144stwa opinie dotycz\u0105ce naszej dzia\u0142alno\u015bci s\u0105 dla nas bardzo wa\u017cne.<\/p>\n\n\n\n<p>Jeszcze raz bardzo Pa\u0144stwu dzi\u0119kuj\u0119 za wsp\u00f3\u0142prac\u0119 oraz pozytywne wspieranie naszych dzia\u0142a\u0144 i zapraszam do wsp\u00f3\u0142pracy w zakresie podejmowania wsp\u00f3lnych przedsi\u0119wzi\u0119\u0107.<\/p>\n\n\n\n<p>Z powa\u017caniem Anna Timofiejczuk\/Dziekan Wydzia\u0142u<\/p>\n\n\n\n<p>Wydzia\u0142 Mechaniczny Technologiczny<\/p>\n\n\n\n<p>ul. Konarskiego 18a, pok. 39, 44-100 Gliwice<\/p>\n\n\n\n<p>+48 32 237 24 20<\/p>\n\n\n\n<p>+48 883 318 287<\/p>\n\n\n\n<p><a href=\"https:\/\/poczta.o2.pl\/d\/\">anna.timofiejczuk@polsl.pl<\/a>&lt;mailto:&nbsp;<a href=\"https:\/\/poczta.o2.pl\/d\/\">anna.timofiejczuk@polsl.pl<\/a>&gt;<\/p>\n","protected":false},"excerpt":{"rendered":"<p>Bardzo dzi\u0119kuj\u0119 za du\u017ce zainteresowanie naszymi dzia\u0142aniami popularyzuj\u0105cymi nauk\u0119 i promuj\u0105cymi kierunki studi\u00f3w. W naszych spotkaniach on-line wzi\u0119\u0142o udzia\u0142, a tak\u017ce obejrza\u0142o relacje z tych spotka\u0144, wielu Uczni\u00f3w Pa\u0144stwa szk\u00f3\u0142. W maju 2021 (12, 19 oraz 26.05) organizujemy dla szk\u00f3\u0142 \u015brednich Maj\u00f3wki z Wydzia\u0142em MT. Podczas tych spotka\u0144 prezentowane b\u0119d\u0105 dzia\u0142ania naszych student\u00f3w poza regularnym&hellip; <br \/> <a class=\"read-more\" href=\"https:\/\/mickiewicz.net.pl\/am\/index.php\/2021\/05\/15\/politechnika-slaska-wydzial-mechaniczny-technologiczny\/\">Dowiedz si\u0119 wi\u0119cej<\/a><\/p>\n","protected":false},"author":4,"featured_media":1772,"comment_status":"closed","ping_status":"open","sticky":false,"template":"","format":"standard","meta":{"footnotes":""},"categories":[9],"tags":[],"class_list":["post-1771","post","type-post","status-publish","format-standard","has-post-thumbnail","hentry","category-aktualnosci"],"_links":{"self":[{"href":"https:\/\/mickiewicz.net.pl\/am\/index.php\/wp-json\/wp\/v2\/posts\/1771","targetHints":{"allow":["GET"]}}],"collection":[{"href":"https:\/\/mickiewicz.net.pl\/am\/index.php\/wp-json\/wp\/v2\/posts"}],"about":[{"href":"https:\/\/mickiewicz.net.pl\/am\/index.php\/wp-json\/wp\/v2\/types\/post"}],"author":[{"embeddable":true,"href":"https:\/\/mickiewicz.net.pl\/am\/index.php\/wp-json\/wp\/v2\/users\/4"}],"replies":[{"embeddable":true,"href":"https:\/\/mickiewicz.net.pl\/am\/index.php\/wp-json\/wp\/v2\/comments?post=1771"}],"version-history":[{"count":1,"href":"https:\/\/mickiewicz.net.pl\/am\/index.php\/wp-json\/wp\/v2\/posts\/1771\/revisions"}],"predecessor-version":[{"id":1773,"href":"https:\/\/mickiewicz.net.pl\/am\/index.php\/wp-json\/wp\/v2\/posts\/1771\/revisions\/1773"}],"wp:featuredmedia":[{"embeddable":true,"href":"https:\/\/mickiewicz.net.pl\/am\/index.php\/wp-json\/wp\/v2\/media\/1772"}],"wp:attachment":[{"href":"https:\/\/mickiewicz.net.pl\/am\/index.php\/wp-json\/wp\/v2\/media?parent=1771"}],"wp:term":[{"taxonomy":"category","embeddable":true,"href":"https:\/\/mickiewicz.net.pl\/am\/index.php\/wp-json\/wp\/v2\/categories?post=1771"},{"taxonomy":"post_tag","embeddable":true,"href":"https:\/\/mickiewicz.net.pl\/am\/index.php\/wp-json\/wp\/v2\/tags?post=1771"}],"curies":[{"name":"wp","href":"https:\/\/api.w.org\/{rel}","templated":true}]}}