{"id":2212,"date":"2021-09-17T23:52:18","date_gmt":"2021-09-17T21:52:18","guid":{"rendered":"http:\/\/mickiewicz.net.pl\/am\/?p=2212"},"modified":"2021-09-17T23:52:18","modified_gmt":"2021-09-17T21:52:18","slug":"pani-alicja-ostrowska-wspomnienie","status":"publish","type":"post","link":"https:\/\/mickiewicz.net.pl\/am\/index.php\/2021\/09\/17\/pani-alicja-ostrowska-wspomnienie\/","title":{"rendered":"Pani Alicja Ostrowska \u2013 wspomnienie"},"content":{"rendered":"\n<p>Z wielkim smutkiem \u017cegnamy <strong>Pani\u0105 Alicj\u0119 Ostrowsk<\/strong>\u0105, kt\u00f3ra odesz\u0142a 16 wrze\u015bnia 2021 r. prze\u017cywszy 86 lat, a \u017cegnamy pi\u0119knym wspomnieniem <strong>Pana Henryka Czaja<\/strong>, Jej Ucznia i wieloletniego oddanego Przyjaciela.<\/p>\n\n\n\n<p>\u201eSpieszmy si\u0119 kocha\u0107 ludzi&#8230;ile sensu w tej sentencji\u2026? Jak ka\u017cda \u015bmier\u0107 przysz\u0142a za szybko i nagle.<\/p>\n\n\n\n<p>Mimo, \u017ce gdzie\u015b z ty\u0142u g\u0142owy czai\u0142a si\u0119 my\u015bl, \u017ce Pani Ala chyba powoli ga\u015bnie&#8230;, zgas\u0142a dzisiaj 16 wrze\u015bnia 2021 roku. Mia\u0142em to szcz\u0119\u015bcie, \u017ce w ostatnich latach Jej \u017cycia spotykali\u015bmy si\u0119 do\u015b\u0107 cz\u0119sto i regularnie. Z moj\u0105 Mam\u0105 je\u017adzili\u015bmy w ka\u017cd\u0105 niedziel\u0119 na msz\u0119 do Steblowa, gdzie rz\u0105d dusz sprawowa\u0142 ks. Antoni Zaj\u0105c &#8211; cz\u0142owiek niepospolity, wielu talent\u00f3w. Jego homilie, spos\u00f3b my\u015blenia i wyra\u017cania tego\u017c spowodowa\u0142y, \u017ce &#8222;zdradzili\u015bmy&#8221; wiele lat temu nasz\u0105 rodzim\u0105 parafi\u0119 i w ka\u017cdy niedzielny i \u015bwi\u0105teczny dzie\u0144 jechali\u015bmy do Steblowa na msz\u0119 \u015bw. Przy okazji wspomnia\u0142em Pani Ali, \u017ce je\u015bli chcia\u0142aby pos\u0142ucha\u0107 nietuzinkowych kaza\u0144 &#8211; to ch\u0119tnie J\u0105 zabierzemy. Pojecha\u0142a z nami i tak ju\u017c zosta\u0142o. Co niedziel\u0119 w tr\u00f3jk\u0119 pielgrzymowali\u015bmy do ko\u015bcio\u0142a \u015aw. Edyty a po ceremonii l\u0105dowali\u015bmy ka\u017cdorazowo w McDonald\u2019s na kawie, gdzie prowadzili\u015bmy dysputy na wszelkie mo\u017cliwe tematy. To by\u0142 ju\u017c ustalony ceremonia\u0142, kt\u00f3ry przerwa\u0142 covid oraz choroba mojej Mamy.<\/p>\n\n\n\n<p>Pani\u0105 Profesor pozna\u0142em bli\u017cej w 1974 roku, jako ucze\u0144 I klasy Liceum Mickiewicza. By\u0142em po chemii p. Mariana O\u017carowskiego, a wi\u0119c by\u0142em niez\u0142y, co Pani Profesor wychwyci\u0142a momentalnie. Zosta\u0142em zaufanym uczniem do spraw niezb\u0119dnych. Poniewa\u017c moja wiedza chemiczna odstawa\u0142a in plus od pozosta\u0142ych w klasie &#8211; pe\u0142ni\u0142em zaszczytn\u0105 funkcj\u0119 pos\u0142a\u0144ca do spraw zasadniczych, a wi\u0119c kiedy klasa w pocie czo\u0142a usi\u0142owa\u0142a wgry\u017a\u0107 si\u0119 w meandry chemii organicznej i nieorganicznej &#8211; ja, nie n\u0119kany \u017cadnym lekcyjnym stresem, udawa\u0142em si\u0119 na tzw. &#8222;miasto&#8221;, aby Pani Profesor zakupi\u0107 chleb, rajstopy, tudzie\u017c inne niezb\u0119dne do \u017cycia przedmioty. Ten proceder trwa\u0142 niezmiennie 4 lata liceum, ale w tzw. mi\u0119dzyczasie pr\u00f3bowa\u0142em startowa\u0107 w olimpiadach chemicznych z marnym skutkiem, niestety. Przechodzi\u0142em eliminacje rejonowe i pada\u0142em na wojew\u00f3dzkich, gdzie poziom by\u0142 zgo\u0142a kosmiczny. Z Pani\u0105 Profesor sp\u0119dzali\u015bmy z koleg\u0105 Januszem d\u0142ugie godziny konsultacyjne. Pani Ala by\u0142a r\u00f3wnocze\u015bnie opiekunem Szczepu Harcerskiego w liceum a ja jego cz\u0142onkiem. To harcerskie wsp\u00f3\u0142dzia\u0142anie mocno nas zbli\u017cy\u0142o. Zawsze podchodzi\u0142a do nas &#8211; harcerzy &#8211; z sympati\u0105, poczuciem humoru i bez tej belferskiej otoczki, co bardzo sobie cenili\u015bmy. Po sko\u0144czeniu liceum wiele sezon\u00f3w wakacyjnych pracowali\u015bmy razem w naszym o\u015brodku harcerskim w Kokotku jako kadra. Przegadali\u015bmy niejedn\u0105 noc i to nie tylko przy herbacie.<\/p>\n\n\n\n<p>Ju\u017c jako student cz\u0119sto spotyka\u0142em si\u0119 z Pani\u0105 Al\u0105 na tradycyjnych i systematycznych wieczorach, kt\u00f3re zainicjowa\u0142 m\u00f3j kolega Roman &#8211; Jej wychowanek. Wraz z El\u0105, Hani\u0105 i Romanem cyklicznie spotykali\u015bmy si\u0119 u Niej w domu, gdzie podejmowa\u0142a nas wspania\u0142ymi potrawami, a posiada\u0142a ogromny talent kulinarny! Zawsze, odk\u0105d pami\u0119tam, zara\u017ca\u0142a nas pogod\u0105 ducha, wnikliwymi analizami \u015bwiata i ogromn\u0105 sympati\u0105 &#8211; oczywi\u015bcie z wzajemno\u015bci\u0105.<\/p>\n\n\n\n<p>Pani Ala ch\u0142on\u0119\u0142a wydarzenia kulturalne jak tlen. Cz\u0119sto dyskutowali\u015bmy o r\u00f3\u017cnych koncertach i imprezach. Jej kr\u00f3tkie, dosadne &#8211; w punkt- recenzje zawsze mi imponowa\u0142y. Uda\u0142o mi si\u0119 zabra\u0107 J\u0105 na kilka wa\u017cnych koncert\u00f3w, z kt\u00f3rych chyba dwa by\u0142y dla Niej ogromnym prze\u017cyciem emocjonalnym. Pierwszy to koncert Ch\u00f3ru Aleksandrowa, a drugi to recital Artura Andrusa w Warszawie, gdzie osobi\u015bcie pozna\u0142a uwielbian\u0105 przez siebie Mari\u0119 Czubaszek &#8211; obie Panie przysiad\u0142y wsp\u00f3lnie na \u0142awce przed Pa\u0142acem Kultury, rozmawia\u0142y ponad kwadrans i oczywi\u015bcie obie z nieod\u0142\u0105cznym papierosem\u2026!<\/p>\n\n\n\n<p>Nie wyobra\u017cam sobie, co prze\u017cywa\u0142a po \u015bmierci swojego m\u0142odszego syna Mirka, pomimo to \u201etrzyma\u0142a si\u0119\u201d znakomicie, nie daj\u0105c nikomu pozna\u0107, jak wielkiej tragedii do\u015bwiadczy\u0142a. To chyba najd\u0142u\u017cej pozostanie w mojej pami\u0119ci &#8211; ta niesamowita si\u0142a ducha i poczucie humoru. Reagowa\u0142a doskonale na dobry \u017cart &#8230;i to taki &#8222;schowany&#8221;. Generalnie poczuciem humoru mog\u0142aby obdzieli\u0107 wielu smutas\u00f3w i malkontent\u00f3w. Nie poddawa\u0142a si\u0119 up\u0142ywowi czasu, tuszuj\u0105c dolegliwo\u015bci i s\u0142abo\u015b\u0107 wieku, kt\u00f3ra zacz\u0119\u0142a atakowa\u0107 bez pardonu, mia\u0142a marzenie, aby by\u0107 na \u015blubie ukochanej wnuczki Magdy i ujrze\u0107 swoj\u0105 prawnuczk\u0119. To marzenie si\u0119 spe\u0142ni\u0142o.<\/p>\n\n\n\n<p>Jako nauczyciel chemii Pani Profesor robi\u0142a znakomite nalewki, w szczeg\u00f3lno\u015bci przypad\u0142a mi do smaku Jej nalewka z imbirem, nieopowiedziany bukiet smakowy o mocy 60%! &#8211; bezwstydnie korzysta\u0142em z Jej ch\u0119ci przyrz\u0105dzania dla mnie tego\u017c trunku i nigdy nie odmawia\u0142em przyj\u0119cia tego podarunku, a Pani Ala z przyjemno\u015bci\u0105 tworzy\u0142a t\u0119 nalewk\u0119 dla mnie.<\/p>\n\n\n\n<p>Zgas\u0142a cicho w lublinieckim szpitalu. W ostatnim dniu Jej ziemskiego \u017cycia by\u0142y przy Niej Jej ukochane wnuki Magda i Micha\u0142. Nie odzyska\u0142a przytomno\u015bci, jestem jednak g\u0142\u0119boko przekonany, i\u017c czu\u0142a ich obecno\u015b\u0107.<\/p>\n\n\n\n<p>Do zobaczenia Pani Alu w tym, pono\u0107 lepszym, \u015bwiecie &#8211; ciekawe czy mo\u017cna tam przyrz\u0105dza\u0107 nalewki&#8230;? Je\u015bli tak to prosz\u0119 jedn\u0105 zachowa\u0107 dla mnie&#8230; .\u201d<\/p>\n\n\n\n<p>                                                                                                                  Pogr\u0105\u017cony w smutku Ucze\u0144 i Przyjaciel<\/p>\n\n\n\n<figure class=\"wp-block-image size-large\"><img fetchpriority=\"high\" decoding=\"async\" width=\"759\" height=\"1024\" src=\"http:\/\/mickiewicz.net.pl\/am\/wp-content\/uploads\/2021\/09\/3-759x1024.jpg\" alt=\"\" class=\"wp-image-2213\" srcset=\"https:\/\/mickiewicz.net.pl\/am\/wp-content\/uploads\/2021\/09\/3-759x1024.jpg 759w, https:\/\/mickiewicz.net.pl\/am\/wp-content\/uploads\/2021\/09\/3-222x300.jpg 222w, https:\/\/mickiewicz.net.pl\/am\/wp-content\/uploads\/2021\/09\/3-768x1036.jpg 768w, https:\/\/mickiewicz.net.pl\/am\/wp-content\/uploads\/2021\/09\/3-1024x1382.jpg 1024w, https:\/\/mickiewicz.net.pl\/am\/wp-content\/uploads\/2021\/09\/3-800x1080.jpg 800w, https:\/\/mickiewicz.net.pl\/am\/wp-content\/uploads\/2021\/09\/3.jpg 1071w\" sizes=\"(max-width: 759px) 100vw, 759px\" \/><\/figure>\n\n\n\n<figure class=\"wp-block-image size-full\"><img decoding=\"async\" width=\"826\" height=\"738\" src=\"http:\/\/mickiewicz.net.pl\/am\/wp-content\/uploads\/2021\/09\/4.jpg\" alt=\"\" class=\"wp-image-2214\" srcset=\"https:\/\/mickiewicz.net.pl\/am\/wp-content\/uploads\/2021\/09\/4.jpg 826w, https:\/\/mickiewicz.net.pl\/am\/wp-content\/uploads\/2021\/09\/4-300x268.jpg 300w, https:\/\/mickiewicz.net.pl\/am\/wp-content\/uploads\/2021\/09\/4-768x686.jpg 768w\" sizes=\"(max-width: 826px) 100vw, 826px\" \/><\/figure>\n\n\n\n<figure class=\"wp-block-image size-large\"><img decoding=\"async\" width=\"1024\" height=\"768\" src=\"http:\/\/mickiewicz.net.pl\/am\/wp-content\/uploads\/2021\/09\/2-1024x768.jpg\" alt=\"\" class=\"wp-image-2215\" srcset=\"https:\/\/mickiewicz.net.pl\/am\/wp-content\/uploads\/2021\/09\/2-1024x768.jpg 1024w, https:\/\/mickiewicz.net.pl\/am\/wp-content\/uploads\/2021\/09\/2-300x225.jpg 300w, https:\/\/mickiewicz.net.pl\/am\/wp-content\/uploads\/2021\/09\/2-768x576.jpg 768w, https:\/\/mickiewicz.net.pl\/am\/wp-content\/uploads\/2021\/09\/2-1536x1152.jpg 1536w, https:\/\/mickiewicz.net.pl\/am\/wp-content\/uploads\/2021\/09\/2-1440x1080.jpg 1440w, https:\/\/mickiewicz.net.pl\/am\/wp-content\/uploads\/2021\/09\/2.jpg 1600w\" sizes=\"(max-width: 1024px) 100vw, 1024px\" \/><\/figure>\n","protected":false},"excerpt":{"rendered":"<p>Z wielkim smutkiem \u017cegnamy Pani\u0105 Alicj\u0119 Ostrowsk\u0105, kt\u00f3ra odesz\u0142a 16 wrze\u015bnia 2021 r. prze\u017cywszy 86 lat, a \u017cegnamy pi\u0119knym wspomnieniem Pana Henryka Czaja, Jej Ucznia i wieloletniego oddanego Przyjaciela. \u201eSpieszmy si\u0119 kocha\u0107 ludzi&#8230;ile sensu w tej sentencji\u2026? Jak ka\u017cda \u015bmier\u0107 przysz\u0142a za szybko i nagle. Mimo, \u017ce gdzie\u015b z ty\u0142u g\u0142owy czai\u0142a si\u0119 my\u015bl, \u017ce&hellip; <br \/> <a class=\"read-more\" href=\"https:\/\/mickiewicz.net.pl\/am\/index.php\/2021\/09\/17\/pani-alicja-ostrowska-wspomnienie\/\">Dowiedz si\u0119 wi\u0119cej<\/a><\/p>\n","protected":false},"author":4,"featured_media":2216,"comment_status":"closed","ping_status":"open","sticky":false,"template":"","format":"standard","meta":{"footnotes":""},"categories":[9],"tags":[],"class_list":["post-2212","post","type-post","status-publish","format-standard","has-post-thumbnail","hentry","category-aktualnosci"],"_links":{"self":[{"href":"https:\/\/mickiewicz.net.pl\/am\/index.php\/wp-json\/wp\/v2\/posts\/2212","targetHints":{"allow":["GET"]}}],"collection":[{"href":"https:\/\/mickiewicz.net.pl\/am\/index.php\/wp-json\/wp\/v2\/posts"}],"about":[{"href":"https:\/\/mickiewicz.net.pl\/am\/index.php\/wp-json\/wp\/v2\/types\/post"}],"author":[{"embeddable":true,"href":"https:\/\/mickiewicz.net.pl\/am\/index.php\/wp-json\/wp\/v2\/users\/4"}],"replies":[{"embeddable":true,"href":"https:\/\/mickiewicz.net.pl\/am\/index.php\/wp-json\/wp\/v2\/comments?post=2212"}],"version-history":[{"count":1,"href":"https:\/\/mickiewicz.net.pl\/am\/index.php\/wp-json\/wp\/v2\/posts\/2212\/revisions"}],"predecessor-version":[{"id":2217,"href":"https:\/\/mickiewicz.net.pl\/am\/index.php\/wp-json\/wp\/v2\/posts\/2212\/revisions\/2217"}],"wp:featuredmedia":[{"embeddable":true,"href":"https:\/\/mickiewicz.net.pl\/am\/index.php\/wp-json\/wp\/v2\/media\/2216"}],"wp:attachment":[{"href":"https:\/\/mickiewicz.net.pl\/am\/index.php\/wp-json\/wp\/v2\/media?parent=2212"}],"wp:term":[{"taxonomy":"category","embeddable":true,"href":"https:\/\/mickiewicz.net.pl\/am\/index.php\/wp-json\/wp\/v2\/categories?post=2212"},{"taxonomy":"post_tag","embeddable":true,"href":"https:\/\/mickiewicz.net.pl\/am\/index.php\/wp-json\/wp\/v2\/tags?post=2212"}],"curies":[{"name":"wp","href":"https:\/\/api.w.org\/{rel}","templated":true}]}}