{"id":2218,"date":"2021-09-17T23:59:13","date_gmt":"2021-09-17T21:59:13","guid":{"rendered":"http:\/\/mickiewicz.net.pl\/am\/?p=2218"},"modified":"2021-09-17T23:59:13","modified_gmt":"2021-09-17T21:59:13","slug":"alicja-ostrowska-1935-2021","status":"publish","type":"post","link":"https:\/\/mickiewicz.net.pl\/am\/index.php\/2021\/09\/17\/alicja-ostrowska-1935-2021\/","title":{"rendered":"Alicja Ostrowska (1935-2021)"},"content":{"rendered":"\n<p>Alicja Ostrowska urodzi\u0142a si\u0119 w 1935 roku w Tomasz\u00f3wce ko\u0142o W\u0142odawy, miejscowo\u015bci le\u017c\u0105cej na Kresach II Rzeczypospolitej. W 1945 roku wraz rodzin\u0105 zamieszka\u0142a w powiecie lublinieckim. Alicja Ostrowska uko\u0144czy\u0142a w Lubli\u0144cu szko\u0142\u0119 podstawow\u0105, a nast\u0119pnie Liceum Og\u00f3lnokszta\u0142c\u0105ce imienia Adama Mickiewicza. W 1959 roku uzyska\u0142a tytu\u0142 magistra chemii i jako nauczycielka tego przedmiotu pracowa\u0142a w latach 1961-1993 w szkole, kt\u00f3rej by\u0142a absolwentk\u0105. Prezentuj\u0105c na co dzie\u0144 bardzo dobre przygotowanie merytoryczne rozbudza\u0142a i rozwija\u0142a zainteresowania uczni\u00f3w przedmiotem, kt\u00f3rego<a><\/a> uczy\u0142a. Uczniowie pod Jej kierunkiem osi\u0105gali sukcesy w Olimpiadzie Chemicznej, jeden z nich w 1989 roku uzyska\u0142 tytu\u0142 finalisty etapu centralnego tej olimpiady. By\u0142a r\u00f3wnie\u017c zaanga\u017cowana w dzia\u0142alno\u015b\u0107 Zwi\u0105zku Harcerstwa Polskiego jako instruktorka, organizowa\u0142a tak\u017ce wiele zaj\u0119\u0107 pozalekcyjnych dla m\u0142odzie\u017cy. Za swoj\u0105 dzia\u0142alno\u015b\u0107 otrzyma\u0142a Z\u0142oty Krzy\u017c Zas\u0142ugi, Krzy\u017c \u201eZa zas\u0142ugi dla ZHP\u201d, liczne nagrody kuratora o\u015bwiaty oraz dwukrotnie nagrod\u0119 Ministra Edukacji Narodowej. Cieszy\u0142a si\u0119 uznaniem wsp\u00f3\u0142pracownik\u00f3w oraz du\u017cym autorytetem w\u015br\u00f3d uczni\u00f3w i rodzic\u00f3w.<\/p>\n\n\n\n<p>Sebastian Zi\u00f3\u0142ek<\/p>\n","protected":false},"excerpt":{"rendered":"<p>Alicja Ostrowska urodzi\u0142a si\u0119 w 1935 roku w Tomasz\u00f3wce ko\u0142o W\u0142odawy, miejscowo\u015bci le\u017c\u0105cej na Kresach II Rzeczypospolitej. W 1945 roku wraz rodzin\u0105 zamieszka\u0142a w powiecie lublinieckim. Alicja Ostrowska uko\u0144czy\u0142a w Lubli\u0144cu szko\u0142\u0119 podstawow\u0105, a nast\u0119pnie Liceum Og\u00f3lnokszta\u0142c\u0105ce imienia Adama Mickiewicza. W 1959 roku uzyska\u0142a tytu\u0142 magistra chemii i jako nauczycielka tego przedmiotu pracowa\u0142a w latach&hellip; <br \/> <a class=\"read-more\" href=\"https:\/\/mickiewicz.net.pl\/am\/index.php\/2021\/09\/17\/alicja-ostrowska-1935-2021\/\">Dowiedz si\u0119 wi\u0119cej<\/a><\/p>\n","protected":false},"author":4,"featured_media":2219,"comment_status":"closed","ping_status":"open","sticky":false,"template":"","format":"standard","meta":{"footnotes":""},"categories":[9],"tags":[],"class_list":["post-2218","post","type-post","status-publish","format-standard","has-post-thumbnail","hentry","category-aktualnosci"],"_links":{"self":[{"href":"https:\/\/mickiewicz.net.pl\/am\/index.php\/wp-json\/wp\/v2\/posts\/2218","targetHints":{"allow":["GET"]}}],"collection":[{"href":"https:\/\/mickiewicz.net.pl\/am\/index.php\/wp-json\/wp\/v2\/posts"}],"about":[{"href":"https:\/\/mickiewicz.net.pl\/am\/index.php\/wp-json\/wp\/v2\/types\/post"}],"author":[{"embeddable":true,"href":"https:\/\/mickiewicz.net.pl\/am\/index.php\/wp-json\/wp\/v2\/users\/4"}],"replies":[{"embeddable":true,"href":"https:\/\/mickiewicz.net.pl\/am\/index.php\/wp-json\/wp\/v2\/comments?post=2218"}],"version-history":[{"count":1,"href":"https:\/\/mickiewicz.net.pl\/am\/index.php\/wp-json\/wp\/v2\/posts\/2218\/revisions"}],"predecessor-version":[{"id":2220,"href":"https:\/\/mickiewicz.net.pl\/am\/index.php\/wp-json\/wp\/v2\/posts\/2218\/revisions\/2220"}],"wp:featuredmedia":[{"embeddable":true,"href":"https:\/\/mickiewicz.net.pl\/am\/index.php\/wp-json\/wp\/v2\/media\/2219"}],"wp:attachment":[{"href":"https:\/\/mickiewicz.net.pl\/am\/index.php\/wp-json\/wp\/v2\/media?parent=2218"}],"wp:term":[{"taxonomy":"category","embeddable":true,"href":"https:\/\/mickiewicz.net.pl\/am\/index.php\/wp-json\/wp\/v2\/categories?post=2218"},{"taxonomy":"post_tag","embeddable":true,"href":"https:\/\/mickiewicz.net.pl\/am\/index.php\/wp-json\/wp\/v2\/tags?post=2218"}],"curies":[{"name":"wp","href":"https:\/\/api.w.org\/{rel}","templated":true}]}}