{"id":4939,"date":"2022-10-26T00:09:02","date_gmt":"2022-10-25T22:09:02","guid":{"rendered":"https:\/\/mickiewicz.net.pl\/am\/?p=4939"},"modified":"2022-12-05T13:08:33","modified_gmt":"2022-12-05T12:08:33","slug":"kto-ugryzl-slonce","status":"publish","type":"post","link":"https:\/\/mickiewicz.net.pl\/am\/index.php\/2022\/10\/26\/kto-ugryzl-slonce\/","title":{"rendered":"Kto ugryz\u0142 S\u0142o\u0144ce?"},"content":{"rendered":"\n<p>Za\u0107mienie S\u0142o\u0144ca to zdecydowanie jedno z najciekawszych zjawisk, jakie mo\u017cemy ogl\u0105da\u0107 na niebie. Chi\u0144czycy uwa\u017cali, \u017ce w czasie za\u0107mienia smok po\u017cera S\u0142o\u0144ce, a g\u0142\u00f3wnym zadaniem nadwornych astronom\u00f3w mia\u0142o by\u0107 ustalenie, kiedy kolejny raz smok zagrozi S\u0142o\u0144cu. W staro\u017cytnym Egipcie kap\u0142ani wykorzystywali zjawisko za\u0107mienia do cel\u00f3w politycznych. Z kolei w staro\u017cytnej Grecji i Rzymie za\u0107mienie S\u0142o\u0144ca wi\u0105zane by\u0142o z mitem o Herkulesie i Kakusie \u2013 olbrzymim potworze, kt\u00f3ry te\u017c by\u0142 pos\u0105dzony o zjedzenia S\u0142o\u0144ca. W mitologii nordyckiej b\u00f3g Loki sp\u0142odzi\u0142 gigantycznego wilka Fenrira, kt\u00f3rego g\u00f3rna szcz\u0119ka si\u0119ga niebosk\u0142onu, a dolna ziemi i ostatecznie po\u017cera S\u0142o\u0144ce. Tak wi\u0119c prawie ka\u017cda kultura wymy\u015bla\u0142a sobie jakiego\u015b potwora, kt\u00f3ry po\u017cera\u0142 S\u0142o\u0144ce. Na szcz\u0119\u015bcie my ju\u017c wiemy, \u017ce pytanie powinno brzmie\u0107 &#8211; co ugryz\u0142o S\u0142o\u0144ce? Odpowied\u017a jest prosta &#8211; to by\u0142 Ksi\u0119\u017cyc \ud83d\ude42<\/p>\n\n\n\n<p>To w\u0142a\u015bnie dzisiaj &#8211; g\u0142\u0119bokie, cz\u0119\u015bciowe za\u0107mienie by\u0142o mo\u017cliwe do zaobserwowania w ca\u0142ej Polsce, tak\u017ce u nas w Mickiewiczu. Nie oby\u0142o si\u0119 jednak bez niespodzianek &#8211; zaraz po fazie wej\u015bciowej, ok. 11.20, kiedy Ksi\u0119\u017cyc zacz\u0105\u0142 &#8222;obgryza\u0107&#8221; S\u0142o\u0144ce, pojawi\u0142y si\u0119 mroczne chmury, nawet zacz\u0119\u0142o kropi\u0107. I wydawa\u0142o si\u0119, \u017ce powt\u00f3rzy si\u0119 scenariusz sprzed czterech lat, kiedy to chmury zakry\u0142y ca\u0142e niebo i popsu\u0142y nam obserwacje. Dzisiaj jednak sta\u0142 si\u0119 ma\u0142y cud &#8211; po ok. 30 minutach, przy fazie kulminacyjnej, chmury si\u0119 rozpierzch\u0142y i mogli\u015bmy dalej ogl\u0105da\u0107 cudowne zjawisko za\u0107mienia S\u0142o\u0144ca. Obserwacje prowadzone by\u0142y z korytarza 2 pi\u0119tra naszej szko\u0142y. Pr\u00f3bowali\u015bmy r\u00f3wnie\u017c uruchomi\u0107 nasz stary teleskop w dostrzegalni astronomicznej, ale jednak by\u0142y problemy z kalibracj\u0105 aparatury. Nie zawi\u00f3d\u0142 na szcz\u0119\u015bcie nasz du\u017cy 11 &#8211; calowy teleskop Schmidta-Cassegreina. Wcze\u015bniej Bartek zabezpieczy\u0142 starymi kliszami rentgenowskimi g\u0142\u00f3wne zwierciad\u0142o, aby uchroni\u0107 je przed przegrzaniem. Daniel wszystko dokumentowa\u0142 szkolnym aparatem fotograficznym. Zdecydowali\u015bmy si\u0119 na metod\u0119 obserwacji projekcyjn\u0105, kt\u00f3ra polega na rzuceniu obrazu z teleskopu na bia\u0142y ekran. Dzi\u0119ki tej metodzie obserwacje mo\u017ce prowadzi\u0107 jednocze\u015bnie wiele os\u00f3b. Przy ustawieniu ekranu pomaga\u0142 Kacper z Szymonem, Bartosz pomaga\u0142 dokumentowa\u0107 ca\u0142e wydarzenie, a Maja z Weronik\u0105 trzyma\u0142y kciuki, aby to Ksi\u0119\u017cyc zjada\u0142 S\u0142o\u0144ce, a nie chmury. W czasie jednej z przerw kto\u015b z radiow\u0119z\u0142a w\u0142\u0105czy\u0142 piosenk\u0119 zespo\u0142u Maanam, w kt\u00f3rej Kora \u015bpiewa: &#8222;Czekam na wiatr co rozgoni, ciemne sk\u0142\u0119bione zas\u0142ony&#8221;. Chyba kto\u015b tam na g\u00f3rze j\u0105 us\u0142ysza\u0142. Co prawda przy fazie ko\u0144cowej, po godz. 13.15 chmury zn\u00f3w ca\u0142kowicie zakry\u0142y niebo i nie zobaczyli\u015bmy fazy ko\u0144cowej, kiedy Ksi\u0119\u017cyc przestaje ju\u017c obgryza\u0107 nasz\u0105 dzienn\u0105 gwiazd\u0119.<br>Zapraszamy do naszej fotogalerii z dzisiejszego wydarzenia.<\/p>\n\n\n\n<p>FOTOGALERIA:<br><a href=\"https:\/\/drive.google.com\/drive\/folders\/1vDnNuTErpB2f0OvB4clG4ah99umkDunE?usp=sharing\">https:\/\/drive.google.com\/drive\/folders\/1vDnNuTErpB2f0OvB4clG4ah99umkDunE?usp=sharing<\/a><\/p>\n\n\n\n<p class=\"has-text-align-right\"><br>Adam Strzelczyk<\/p>\n\n\n\n<p><\/p>\n\n\n\n<p>ps.: Poni\u017cej zamieszczam jeszcze rysunek z kr\u00f3tkim wyja\u015bnieniem samego zjawiska za\u0107mienia. Wydawa\u0142o mi si\u0119, \u017ce w szkole \u015bredniej uczniowie potrafi\u0105 wyja\u015bni\u0107, na czym polega za\u0107mienie, ale byli tacy, kt\u00f3rzy odwa\u017cyli si\u0119 zapyta\u0107 &#8222;co jest widoczne na ekranie?&#8221; I bardzo dobrze, \u017ce si\u0119 odwa\u017cyli, bo to \u015bwiadczy o tym, \u017ce nie zatracili naturalnej potrzeby odkrywania, dociekania i poznawania. Natomiast kompletnie nie rozumiem tych, kt\u00f3rzy maj\u0105c mo\u017cliwo\u015b\u0107 zobaczenia tego zjawiska, wybrali komputer, smartfon i internet \ud83d\ude41<br>Wyja\u015bniam to, co przedstawia rysunek: zjawisko za\u0107mienia &#8211; zas\u0142oni\u0119cia S\u0142o\u0144ca polega na ustawieniu si\u0119 w jednej linii trzech cia\u0142 niebieskich: naszej planety &#8211; Ziemi, Ksi\u0119\u017cyca oraz S\u0142o\u0144ca i to w\u0142a\u015bnie dlatego Ksi\u0119\u017cyc &#8222;po\u017cera&#8221;, zakrywa S\u0142o\u0144ce. Poniewa\u017c Ksi\u0119\u017cyc jest niewielki, dlatego zjawisko jest bardzo rzadkie. Nikt z nas, obecnie \u017cyj\u0105cych na Ziemi, nie doczeka ca\u0142kowitego za\u0107mienia S\u0142o\u0144ca, chyba, \u017ce Ci, kt\u00f3rzy urodzili si\u0119 w tym roku do\u017cyj\u0105 104 lat! Dodam jeszcze, \u017ce podczas tego zjawiska Ksi\u0119\u017cyc jest zawsze w nowiu, a samo jego przej\u015bcie przez tarcz\u0119 S\u0142o\u0144ca ko\u0144czy czwart\u0105 i rozpoczyna pierwsz\u0105 faz\u0119, czyli od dzisiaj, od godz. 12.15 Ksi\u0119\u017cyc zacznie rosn\u0105\u0107.<\/p>\n\n\n\n<figure class=\"wp-block-image size-full is-resized\"><img fetchpriority=\"high\" decoding=\"async\" src=\"https:\/\/mickiewicz.net.pl\/am\/wp-content\/uploads\/2022\/10\/rysunek-zacmienie-Slonca.jpg\" alt=\"\" class=\"wp-image-4943\" width=\"840\" height=\"587\" srcset=\"https:\/\/mickiewicz.net.pl\/am\/wp-content\/uploads\/2022\/10\/rysunek-zacmienie-Slonca.jpg 780w, https:\/\/mickiewicz.net.pl\/am\/wp-content\/uploads\/2022\/10\/rysunek-zacmienie-Slonca-300x210.jpg 300w, https:\/\/mickiewicz.net.pl\/am\/wp-content\/uploads\/2022\/10\/rysunek-zacmienie-Slonca-768x537.jpg 768w\" sizes=\"(max-width: 840px) 100vw, 840px\" \/><\/figure>\n\n\n\n<figure class=\"wp-block-image size-large\"><img decoding=\"async\" width=\"1024\" height=\"474\" src=\"https:\/\/mickiewicz.net.pl\/am\/wp-content\/uploads\/2022\/10\/IMG_20221025_124932-1024x474.jpg\" alt=\"\" class=\"wp-image-4941\" srcset=\"https:\/\/mickiewicz.net.pl\/am\/wp-content\/uploads\/2022\/10\/IMG_20221025_124932-1024x474.jpg 1024w, https:\/\/mickiewicz.net.pl\/am\/wp-content\/uploads\/2022\/10\/IMG_20221025_124932-300x139.jpg 300w, https:\/\/mickiewicz.net.pl\/am\/wp-content\/uploads\/2022\/10\/IMG_20221025_124932-768x355.jpg 768w, https:\/\/mickiewicz.net.pl\/am\/wp-content\/uploads\/2022\/10\/IMG_20221025_124932-1536x710.jpg 1536w, https:\/\/mickiewicz.net.pl\/am\/wp-content\/uploads\/2022\/10\/IMG_20221025_124932-2048x947.jpg 2048w, https:\/\/mickiewicz.net.pl\/am\/wp-content\/uploads\/2022\/10\/IMG_20221025_124932-1920x888.jpg 1920w\" sizes=\"(max-width: 1024px) 100vw, 1024px\" \/><\/figure>\n\n\n\n<figure class=\"wp-block-image size-large\"><img decoding=\"async\" width=\"1024\" height=\"474\" src=\"https:\/\/mickiewicz.net.pl\/am\/wp-content\/uploads\/2022\/10\/IMG_20221025_121220-1024x474.jpg\" alt=\"\" class=\"wp-image-4942\" srcset=\"https:\/\/mickiewicz.net.pl\/am\/wp-content\/uploads\/2022\/10\/IMG_20221025_121220-1024x474.jpg 1024w, https:\/\/mickiewicz.net.pl\/am\/wp-content\/uploads\/2022\/10\/IMG_20221025_121220-300x139.jpg 300w, https:\/\/mickiewicz.net.pl\/am\/wp-content\/uploads\/2022\/10\/IMG_20221025_121220-768x355.jpg 768w, https:\/\/mickiewicz.net.pl\/am\/wp-content\/uploads\/2022\/10\/IMG_20221025_121220-1536x710.jpg 1536w, https:\/\/mickiewicz.net.pl\/am\/wp-content\/uploads\/2022\/10\/IMG_20221025_121220-2048x947.jpg 2048w, https:\/\/mickiewicz.net.pl\/am\/wp-content\/uploads\/2022\/10\/IMG_20221025_121220-1920x888.jpg 1920w\" sizes=\"(max-width: 1024px) 100vw, 1024px\" \/><\/figure>\n\n\n\n<figure class=\"wp-block-image size-large\"><img loading=\"lazy\" decoding=\"async\" width=\"1024\" height=\"472\" src=\"https:\/\/mickiewicz.net.pl\/am\/wp-content\/uploads\/2022\/10\/IMG_20221025_124449-1024x472.jpg\" alt=\"\" class=\"wp-image-4944\" srcset=\"https:\/\/mickiewicz.net.pl\/am\/wp-content\/uploads\/2022\/10\/IMG_20221025_124449-1024x472.jpg 1024w, https:\/\/mickiewicz.net.pl\/am\/wp-content\/uploads\/2022\/10\/IMG_20221025_124449-300x138.jpg 300w, https:\/\/mickiewicz.net.pl\/am\/wp-content\/uploads\/2022\/10\/IMG_20221025_124449-768x354.jpg 768w, https:\/\/mickiewicz.net.pl\/am\/wp-content\/uploads\/2022\/10\/IMG_20221025_124449-1536x707.jpg 1536w, https:\/\/mickiewicz.net.pl\/am\/wp-content\/uploads\/2022\/10\/IMG_20221025_124449-2048x943.jpg 2048w, https:\/\/mickiewicz.net.pl\/am\/wp-content\/uploads\/2022\/10\/IMG_20221025_124449-1920x884.jpg 1920w\" sizes=\"(max-width: 1024px) 100vw, 1024px\" \/><\/figure>\n","protected":false},"excerpt":{"rendered":"<p>Za\u0107mienie S\u0142o\u0144ca to zdecydowanie jedno z najciekawszych zjawisk, jakie mo\u017cemy ogl\u0105da\u0107 na niebie. Chi\u0144czycy uwa\u017cali, \u017ce w czasie za\u0107mienia smok po\u017cera S\u0142o\u0144ce, a g\u0142\u00f3wnym zadaniem nadwornych astronom\u00f3w mia\u0142o by\u0107 ustalenie, kiedy kolejny raz smok zagrozi S\u0142o\u0144cu. W staro\u017cytnym Egipcie kap\u0142ani wykorzystywali zjawisko za\u0107mienia do cel\u00f3w politycznych. Z kolei w staro\u017cytnej Grecji i Rzymie za\u0107mienie S\u0142o\u0144ca&hellip; <br \/> <a class=\"read-more\" href=\"https:\/\/mickiewicz.net.pl\/am\/index.php\/2022\/10\/26\/kto-ugryzl-slonce\/\">Dowiedz si\u0119 wi\u0119cej<\/a><\/p>\n","protected":false},"author":6,"featured_media":4940,"comment_status":"closed","ping_status":"open","sticky":false,"template":"","format":"standard","meta":{"footnotes":""},"categories":[9],"tags":[],"class_list":["post-4939","post","type-post","status-publish","format-standard","has-post-thumbnail","hentry","category-aktualnosci"],"_links":{"self":[{"href":"https:\/\/mickiewicz.net.pl\/am\/index.php\/wp-json\/wp\/v2\/posts\/4939","targetHints":{"allow":["GET"]}}],"collection":[{"href":"https:\/\/mickiewicz.net.pl\/am\/index.php\/wp-json\/wp\/v2\/posts"}],"about":[{"href":"https:\/\/mickiewicz.net.pl\/am\/index.php\/wp-json\/wp\/v2\/types\/post"}],"author":[{"embeddable":true,"href":"https:\/\/mickiewicz.net.pl\/am\/index.php\/wp-json\/wp\/v2\/users\/6"}],"replies":[{"embeddable":true,"href":"https:\/\/mickiewicz.net.pl\/am\/index.php\/wp-json\/wp\/v2\/comments?post=4939"}],"version-history":[{"count":4,"href":"https:\/\/mickiewicz.net.pl\/am\/index.php\/wp-json\/wp\/v2\/posts\/4939\/revisions"}],"predecessor-version":[{"id":4991,"href":"https:\/\/mickiewicz.net.pl\/am\/index.php\/wp-json\/wp\/v2\/posts\/4939\/revisions\/4991"}],"wp:featuredmedia":[{"embeddable":true,"href":"https:\/\/mickiewicz.net.pl\/am\/index.php\/wp-json\/wp\/v2\/media\/4940"}],"wp:attachment":[{"href":"https:\/\/mickiewicz.net.pl\/am\/index.php\/wp-json\/wp\/v2\/media?parent=4939"}],"wp:term":[{"taxonomy":"category","embeddable":true,"href":"https:\/\/mickiewicz.net.pl\/am\/index.php\/wp-json\/wp\/v2\/categories?post=4939"},{"taxonomy":"post_tag","embeddable":true,"href":"https:\/\/mickiewicz.net.pl\/am\/index.php\/wp-json\/wp\/v2\/tags?post=4939"}],"curies":[{"name":"wp","href":"https:\/\/api.w.org\/{rel}","templated":true}]}}